{"id":502,"date":"2026-08-02T17:12:43","date_gmt":"2026-08-02T15:12:43","guid":{"rendered":"https:\/\/www.bermanova985.cz\/?p=502"},"modified":"2026-08-02T17:12:43","modified_gmt":"2026-08-02T15:12:43","slug":"uklid-garazi-a-navazne-prace","status":"publish","type":"post","link":"https:\/\/www.bermanova985.cz\/?p=502","title":{"rendered":"\u00daklid gar\u00e1\u017e\u00ed a n\u00e1vazn\u00e9 pr\u00e1ce"},"content":{"rendered":"\n<p><strong>Dne 7.8.2026 prob\u011bhne \u010di\u0161t\u011bn\u00ed gar\u00e1\u017e\u00ed p\u0159ed opravami podlah<\/strong>. Tedy po tomto \u010di\u0161t\u011bn\u00ed nebude mo\u017en\u00e9 zajet do gar\u00e1\u017e\u00ed zp\u011bt a bude tam i z\u00e1kaz vstupu do cca 19.8..&nbsp;<\/p>\n\n\n\n<p><strong>Od 10.8. budou prob\u00edhat opravy podlah v gar\u00e1\u017e\u00edch. Jak je ji\u017e uvedeno v bod\u011b v\u00fd\u0161e, nebude umo\u017en\u011bn vjezd vozidel ani vstup osob do gar\u00e1\u017e\u00ed do cca 19.8.2026.\u00a0<\/strong>Pr\u00e1ce budou sice prob\u00edhat p\u0159ev\u00e1\u017en\u011b v p\u0159\u00edzem\u00ed, ale i na ramp\u011b do suter\u00e9nu, tedy se z\u00e1kaz vjezdu dotkne i spodn\u00edho podla\u017e\u00ed. Je pravd\u011bpodobn\u00e9, \u017ee vjezd do suter\u00e9nu bude umo\u017en\u011bn d\u0159\u00edve, ne\u017e 19.8., ale to bude up\u0159asn\u011bno dle aktu\u00e1ln\u00ed situace. Pokud se t\u00fdk\u00e1 p\u0159\u00edstup\u016f do jednotliv\u00fdch sklep\u016f, bude nutn\u00e9 v\u017edy \u0159e\u0161it se stavbou, zda bude ke sklepu v dan\u00fd okam\u017eik mo\u017en\u00fd p\u0159\u00edstup. V tomto duchu budete dost\u00e1vat aktu\u00e1ln\u00ed informace v dob\u011b oprav, pokud mo\u017eno p\u0159edem, abyste si ze sklep\u016f p\u0159\u00edpadn\u011b p\u0159em\u00edstili pot\u0159ebn\u00e9 v\u011bci. Toto se t\u00fdk\u00e1 zejm\u00e9na sklep\u016f v p\u0159\u00edzem\u00ed, sklepy v suter\u00e9nu budou p\u0159\u00edstupn\u00e9 po celou dobu oprav.<\/p>\n","protected":false},"excerpt":{"rendered":"<p>Dne 7.8.2026 prob\u011bhne \u010di\u0161t\u011bn\u00ed gar\u00e1\u017e\u00ed p\u0159ed opravami podlah. Tedy po tomto \u010di\u0161t\u011bn\u00ed nebude mo\u017en\u00e9 zajet do gar\u00e1\u017e\u00ed zp\u011bt a bude tam i z\u00e1kaz vstupu do cca 19.8..&nbsp; Od 10.8. budou prob\u00edhat opravy podlah v gar\u00e1\u017e\u00edch. Jak je ji\u017e uvedeno v bod\u011b v\u00fd\u0161e, nebude umo\u017en\u011bn vjezd vozidel ani vstup osob do gar\u00e1\u017e\u00ed do cca 19.8.2026.\u00a0Pr\u00e1ce budou [&hellip;]<\/p>\n","protected":false},"author":4,"featured_media":0,"comment_status":"closed","ping_status":"","sticky":false,"template":"","format":"standard","meta":[],"categories":[6],"tags":[],"_links":{"self":[{"href":"https:\/\/www.bermanova985.cz\/index.php?rest_route=\/wp\/v2\/posts\/502"}],"collection":[{"href":"https:\/\/www.bermanova985.cz\/index.php?rest_route=\/wp\/v2\/posts"}],"about":[{"href":"https:\/\/www.bermanova985.cz\/index.php?rest_route=\/wp\/v2\/types\/post"}],"author":[{"embeddable":true,"href":"https:\/\/www.bermanova985.cz\/index.php?rest_route=\/wp\/v2\/users\/4"}],"replies":[{"embeddable":true,"href":"https:\/\/www.bermanova985.cz\/index.php?rest_route=%2Fwp%2Fv2%2Fcomments&post=502"}],"version-history":[{"count":1,"href":"https:\/\/www.bermanova985.cz\/index.php?rest_route=\/wp\/v2\/posts\/502\/revisions"}],"predecessor-version":[{"id":503,"href":"https:\/\/www.bermanova985.cz\/index.php?rest_route=\/wp\/v2\/posts\/502\/revisions\/503"}],"wp:attachment":[{"href":"https:\/\/www.bermanova985.cz\/index.php?rest_route=%2Fwp%2Fv2%2Fmedia&parent=502"}],"wp:term":[{"taxonomy":"category","embeddable":true,"href":"https:\/\/www.bermanova985.cz\/index.php?rest_route=%2Fwp%2Fv2%2Fcategories&post=502"},{"taxonomy":"post_tag","embeddable":true,"href":"https:\/\/www.bermanova985.cz\/index.php?rest_route=%2Fwp%2Fv2%2Ftags&post=502"}],"curies":[{"name":"wp","href":"https:\/\/api.w.org\/{rel}","templated":true}]}}